{"id":2823,"date":"2026-03-13T14:49:27","date_gmt":"2026-03-13T13:49:27","guid":{"rendered":"https:\/\/www.sciencesaucinema.fr\/wordpress\/?p=2823"},"modified":"2026-03-13T14:49:29","modified_gmt":"2026-03-13T13:49:29","slug":"lagent-secret-un-thriller-qui-montre-limportance-capitale-de-la-liberte-academique","status":"publish","type":"post","link":"https:\/\/www.sciencesaucinema.fr\/wordpress\/2026\/03\/13\/lagent-secret-un-thriller-qui-montre-limportance-capitale-de-la-liberte-academique\/","title":{"rendered":"\u00ab L\u2019Agent secret \u00bb : un thriller qui montre l\u2019importance capitale de la libert\u00e9 acad\u00e9mique"},"content":{"rendered":"<span class=\"span-reading-time rt-reading-time\" style=\"display: block;\"><span class=\"rt-label rt-prefix\">Temps de lecture estim\u00e9 :<\/span> <span class=\"rt-time\"> 5<\/span> <span class=\"rt-label rt-postfix\">minutes<\/span><\/span>\n<p><a href=\"https:\/\/theconversation.com\/profiles\/stephanie-dennison-154109\">Stephanie Dennison<\/a>, <em><a href=\"https:\/\/theconversation.com\/institutions\/university-of-leeds-1122\">University of Leeds<\/a><\/em> et <a href=\"https:\/\/theconversation.com\/profiles\/alfredo-suppia-2578540\">Alfredo Suppia<\/a>, <em><a href=\"https:\/\/theconversation.com\/institutions\/universidade-estadual-de-campinas-unicamp-1638\">Universidade Estadual de Campinas (Unicamp)<\/a><\/em><\/p>\n\n\n\n<p><strong>Le film <em>l\u2019Agent secret<\/em> (<em>O Agente Secreto<\/em>, 2025) de Kleber&nbsp;Mendon\u00e7a&nbsp;Filho, nomm\u00e9 quatre fois aux Oscars, dont la c\u00e9r\u00e9monie se tiendra ce dimanche 15&nbsp;mars, revisite la dictature br\u00e9silienne autour d\u2019un personnage d\u2019universitaire en cavale, contraint de se cacher apr\u00e8s s\u2019\u00eatre heurt\u00e9 aux int\u00e9r\u00eats des grandes entreprises \u00e0 la solde du r\u00e9gime, qui veulent mettre la main sur ses recherches.<\/strong><\/p>\n\n\n\n<hr class=\"wp-block-separator has-alpha-channel-opacity\"\/>\n\n\n\n<p>Depuis ses premiers courts m\u00e9trages tels que <em>Recife sous le froid<\/em> (<em>Recife Frio<\/em>, 2009), le cin\u00e9aste a d\u00e9velopp\u00e9 un style unique, riche en r\u00e9f\u00e9rences cin\u00e9matographiques, qui se situe entre le cin\u00e9ma d\u2019art et d\u2019essai et le cin\u00e9ma de genre. Ces traits atteignent de nouveaux sommets de libert\u00e9 formelle dans <a href=\"https:\/\/www.troiscouleurs.fr\/cannes-2025\/cannes-2025-lagent-secret-kleber-mendonca-filho\/\"><em>l\u2019Agent secret<\/em><\/a>, qui a \u00e9t\u00e9 nomm\u00e9 dans quatre cat\u00e9gories aux Oscars, dont celui du meilleur film et celui du meilleur acteur pour Wagner Moura.<\/p>\n\n\n\n<figure class=\"wp-block-embed is-type-rich is-provider-prise-en-charge-des-contenus-embarqu-s wp-block-embed-prise-en-charge-des-contenus-embarqu-s wp-embed-aspect-16-9 wp-has-aspect-ratio\"><div class=\"wp-block-embed__wrapper\">\n<iframe loading=\"lazy\" title=\"Marighella - bande annonce international - English subtitles | sous-titres fran\u00e7ais\" width=\"640\" height=\"360\" src=\"https:\/\/www.youtube.com\/embed\/6JgEYzOuOdM?feature=oembed\" frameborder=\"0\" allow=\"accelerometer; autoplay; clipboard-write; encrypted-media; gyroscope; picture-in-picture; web-share\" referrerpolicy=\"strict-origin-when-cross-origin\" allowfullscreen><\/iframe>\n<\/div><\/figure>\n\n\n\n<p>Le film s\u2019inscrit dans la vague r\u00e9cente de productions br\u00e9siliennes revisitant la dictature militaire (1964-1985), parmi lesquelles <a href=\"https:\/\/www.troiscouleurs.fr\/cinema\/je-suis-toujours-la-de-walter-salles-une-famille-dans-lhorreur\/\"><em>Je suis toujours l\u00e0<\/em><\/a> (<em>Ainda Estou Aqui<\/em>), de Walter&nbsp;Salles (2024), et <a href=\"https:\/\/www.theguardian.com\/world\/2019\/feb\/20\/marighella-revolutionary-biopic-from-narcos-wagner-moura-criticised-by-bolsonaro\"><em>Marighella<\/em><\/a>, de Wagner&nbsp;Moura (2019). Mais ces films ne se contentent pas de reconstituer des \u00e9pisodes historiques&nbsp;: ils traitent, \u00e0 travers le cin\u00e9ma, d\u2019un traumatisme non r\u00e9solu dont les r\u00e9percussions continuent de fa\u00e7onner le pr\u00e9sent politique du Br\u00e9sil.<\/p>\n\n\n\n<p>L\u2019une des caract\u00e9ristiques qui rend <em>l\u2019Agent secret<\/em>, dont l\u2019action se d\u00e9roule principalement en 1977, repose sur la fa\u00e7on dont le film parle des universit\u00e9s br\u00e9siliennes de l\u2019\u00e9poque, consid\u00e9r\u00e9es comme des champs de bataille o\u00f9 s\u2019affrontent la m\u00e9moire, le pouvoir et la d\u00e9mocratie.<\/p>\n\n\n\n<p>Le personnage principal du film, Armando, interpr\u00e9t\u00e9 par Moura, nomm\u00e9 pour l\u2019Oscar du meilleur acteur, n\u2019est en fait pas un agent secret et n\u2019a aucun lien \u00e9vident avec les mouvements d\u2019opposition. C\u2019est un universitaire contraint de se cacher apr\u00e8s s\u2019\u00eatre heurt\u00e9 aux int\u00e9r\u00eats des grandes entreprises align\u00e9es sur le r\u00e9gime autoritaire qui veulent mettre la main sur ses recherches.<\/p>\n\n\n\n<p>La philosophe br\u00e9silienne <a href=\"https:\/\/alchetron.com\/Marilena-de-Souza-Chaui\">Marilena Chau\u00ed<\/a> a \u00e9voqu\u00e9 son exp\u00e9rience personnelle de cette p\u00e9riode sombre de l\u2019histoire du Br\u00e9sil. Chau\u00ed est revenue de France en 1969 avec son doctorat en poche, juste apr\u00e8s que l\u2019arm\u00e9e br\u00e9silienne a suspendu la plupart des droits civils dans le pays, ce qui a conduit \u00e0 une chasse aux \u00ab&nbsp;communistes&nbsp;\u00bb et \u00e0 l\u2019intensification de la torture et de la censure.<\/p>\n\n\n\n<p>Chau\u00ed d\u00e9crit la pr\u00e9sence sur le campus de myst\u00e9rieuses figures militaires ayant le pouvoir d\u2019embaucher, de licencier et de \u00ab\u00a0faire dispara\u00eetre\u00a0\u00bb les membres du personnel et les \u00e9tudiants hostiles au r\u00e9gime. La pr\u00e9sence d\u2019agents secrets d\u00e9guis\u00e9s en \u00e9tudiants pour surveiller les professeurs et les \u00e9tudiants dans les salles de classe des universit\u00e9s publiques \u00e9tait alors monnaie courante.<\/p>\n\n\n\n<figure class=\"wp-block-embed is-type-rich is-provider-prise-en-charge-des-contenus-embarqu-s wp-block-embed-prise-en-charge-des-contenus-embarqu-s wp-embed-aspect-16-9 wp-has-aspect-ratio\"><div class=\"wp-block-embed__wrapper\">\n<iframe loading=\"lazy\" title=\"L&#039;AGENT SECRET Bande Annonce VOST (2025,Policier) Kleber Mendon\u00e7a Filho, Wagner Moura, Gabriel Leone\" width=\"640\" height=\"360\" src=\"https:\/\/www.youtube.com\/embed\/swvK403h8Lc?feature=oembed\" frameborder=\"0\" allow=\"accelerometer; autoplay; clipboard-write; encrypted-media; gyroscope; picture-in-picture; web-share\" referrerpolicy=\"strict-origin-when-cross-origin\" allowfullscreen><\/iframe>\n<\/div><\/figure>\n\n\n\n<p>Dans <em>l\u2019Agent secret<\/em>, Armando vient de rentrer de l\u2019universit\u00e9 de Leeds en Grande-Bretagne. Lui et l\u2019\u00e9quipe de recherche internationale qu\u2019il a mise en place \u00e0 l\u2019universit\u00e9 f\u00e9d\u00e9rale de Pernambouc, dans le nord-est du Br\u00e9sil, sont surveill\u00e9s de pr\u00e8s par Henrique Ghirotti, un industriel de Sao Paulo.<\/p>\n\n\n\n<p>Armando remet ouvertement en question l\u2019\u00e9thique de Ghirotti et souligne un conflit d\u2019int\u00e9r\u00eats&nbsp;: comment un riche industriel peut-il justifier le fait de d\u00e9tourner des fonds publics destin\u00e9s aux universit\u00e9s \u00e0 des fins priv\u00e9es&nbsp;? La r\u00e9action am\u00e8re d\u2019Armando face \u00e0 une corruption aussi flagrante suffit \u00e0 faire de lui un homme menac\u00e9 de mort. Une grande partie du film montre les tentatives d\u2019Armando pour \u00e9chapper \u00e0 Ghirotti, aux forces de l\u2019ordre corrompues et aux tueurs \u00e0 gages qu\u2019il a embauch\u00e9s.<\/p>\n\n\n\n<p>Cette situation dramatique met en lumi\u00e8re non seulement la surveillance et la r\u00e9pression subies par les universit\u00e9s sous la dictature, mais aussi des sch\u00e9mas de corruption plus larges. La toile d\u2019araign\u00e9e reliant les int\u00e9r\u00eats militaires aux grandes entreprises, qui a sap\u00e9 la dynamique \u00e9conomique du Br\u00e9sil tout au long des ann\u00e9es&nbsp;1970, est une histoire qui <a href=\"https:\/\/memoriasdaditadura.org.br\/corrupcao\/\">ne commence \u00e0 \u00eatre pleinement r\u00e9v\u00e9l\u00e9e que maintenant<\/a>.<\/p>\n\n\n\n<p>L\u2019accent mis par le film sur la libert\u00e9 acad\u00e9mique trouve un \u00e9cho contemporain. Mendon\u00e7a&nbsp;Filho a \u00e9crit <em>l\u2019Agent Secret<\/em> pendant la pr\u00e9sidence de l\u2019extr\u00eame droite Jair Bolsonaro (2019-2022), dont la longue liste de mesures hostiles comprenait des <a href=\"https:\/\/fr.u-paris.fr\/actualites\/bresil-bolsonaro-en-guerre-contre-lenseignement-des-sciences-humaines\">attaques contre l\u2019\u00e9ducation publique<\/a>. Entre 2019 et 2022, les universit\u00e9s f\u00e9d\u00e9rales ont perdu 14,4&nbsp;% de leur budget, et en 2022, leur financement \u00e9tait tomb\u00e9 en dessous des niveaux de 2013.<\/p>\n\n\n\n<p>Les universit\u00e9s ont fait \u00e9tat de graves difficult\u00e9s \u00e0 maintenir leurs activit\u00e9s de base et leurs programmes de bourses, les coupes cumul\u00e9es d\u00e9passant 100\u00a0milliards de reais (16\u00a0milliards d\u2019euros) sur quatre\u00a0ans. Bolsonaro et ses partisans ont encourag\u00e9 le signalement (et la \u00ab\u00a0d\u00e9nonciation\u00a0\u00bb sur les r\u00e9seaux sociaux) des enseignants jug\u00e9s \u00ab\u00a0id\u00e9ologiques\u00a0\u00bb. Apr\u00e8s la <a href=\"https:\/\/theconversation.com\/bresil-lula-pourra-t-il-de-bolsonariser-letat-199328\">victoire de Lula aux \u00e9lections de 2022<\/a>, un l\u00e9ger soulagement s\u2019est fait sentir et, avec le renouvellement des lignes de financement, la reconstruction de ce terrain ravag\u00e9 s\u2019engage lentement. <\/p>\n\n\n\n<figure class=\"wp-block-embed is-type-rich is-provider-prise-en-charge-des-contenus-embarqu-s wp-block-embed-prise-en-charge-des-contenus-embarqu-s wp-embed-aspect-16-9 wp-has-aspect-ratio\"><div class=\"wp-block-embed__wrapper\">\n<iframe loading=\"lazy\" title=\"JE SUIS TOUJOURS L\u00c0 - Bande-annonce [STF]\" width=\"640\" height=\"360\" src=\"https:\/\/www.youtube.com\/embed\/TZwQH1fKOM8?feature=oembed\" frameborder=\"0\" allow=\"accelerometer; autoplay; clipboard-write; encrypted-media; gyroscope; picture-in-picture; web-share\" referrerpolicy=\"strict-origin-when-cross-origin\" allowfullscreen><\/iframe>\n<\/div><\/figure>\n\n\n\n<p>Le film <em>Je suis toujours l\u00e0<\/em>, de Walter Salles, explore lui aussi la p\u00e9riode de la dictature militaire au Br\u00e9sil.<\/p>\n\n\n\n<h2 class=\"wp-block-heading\">Archives de la r\u00e9pression<\/h2>\n\n\n\n<p><em>L\u2019Agent secret<\/em> aborde \u00e9galement les d\u00e9bats mondiaux renouvel\u00e9s autour de la privatisation de la recherche, de la propri\u00e9t\u00e9 intellectuelle et de la vuln\u00e9rabilit\u00e9 politique des universit\u00e9s, de plus en plus consid\u00e9r\u00e9es comme des foyers de s\u00e9dition gauchiste. Le film de Mendon\u00e7a Filho sugg\u00e8re que l\u2019autoritarisme attaque la soci\u00e9t\u00e9 non seulement en usant directement de violence, mais aussi par la destruction, la privatisation ou le musellement de la production des connaissances.<\/p>\n\n\n\n<p>Dans le film, l\u2019industriel Ghirotti se r\u00e9jouit d\u2019informer Armando qu\u2019il va recommander la fermeture de son laboratoire de recherche et le transfert de ses travaux \u00e0 l\u2019universit\u00e9 de S\u00e3o Paulo, avec laquelle Ghirotti entretient des liens douteux. Il remet en question l\u2019utilit\u00e9 de toute recherche men\u00e9e dans le nord-est qui touche aux int\u00e9r\u00eats nationaux, d\u2019autant plus que les Canadiens travaillent sur la m\u00eame technologie et que le Br\u00e9sil peut financer la science et la technologie \u00e9trang\u00e8res.<\/p>\n\n\n\n<p>Mendon\u00e7a Filho, originaire de Recife, la capitale de Pernambouc, s\u2019est exprim\u00e9 tr\u00e8s ouvertement sur les pr\u00e9jug\u00e9s profond\u00e9ment ancr\u00e9s de nombreux habitants des \u00c9tats du Sud, plus riches et plus blancs, \u00e0 l\u2019\u00e9gard du Nord, consid\u00e9r\u00e9 comme arri\u00e9r\u00e9. Il est r\u00e9v\u00e9lateur que dans <em>l\u2019Agent secret<\/em>, l\u2019\u00e9quipe de recherche internationale d\u2019Armando ait d\u2019abord pris forme \u00e0 Leeds, \u00e9tant donn\u00e9 que des pr\u00e9jug\u00e9s similaires existent souvent \u00e0 l\u2019\u00e9gard du nord de l\u2019Angleterre.<\/p>\n\n\n\n<p>Dans une intrigue secondaire qui se d\u00e9roule \u00e0 l\u2019\u00e9poque actuelle, un groupe d\u2019\u00e9tudiantes travaille sur un projet d\u2019histoire orale \u00e0 partir d\u2019enregistrements r\u00e9alis\u00e9s par des dissidents pendant la dictature, dont Armando. L\u2019une d\u2019entre elles, Fl\u00e1via, se rend \u00e0 Pernambouc pour rendre visite au fils d\u2019Armando, aujourd\u2019hui d\u2019\u00e2ge m\u00fbr.<\/p>\n\n\n\n<p>Jeune m\u00e8re noire originaire du Nord-Est et vivant dans la p\u00e9riph\u00e9rie de S\u00e3o Paulo, Fl\u00e1via incarne la nouvelle population \u00e9tudiante plus diversifi\u00e9e, rendue possible gr\u00e2ce \u00e0 des initiatives d\u2019action positive durement acquises et \u00e0 l\u2019expansion du r\u00e9seau des universit\u00e9s publiques.<\/p>\n\n\n\n<p>Dans <em>l\u2019Agent secret<\/em>, ce sont Fl\u00e1via et les \u00e9tudiants comme elle qui ont h\u00e9rit\u00e9 non seulement des archives de la r\u00e9pression, mais aussi de la possibilit\u00e9 de transformer le savoir en une forme de r\u00e9paration d\u00e9mocratique.<\/p>\n\n\n\n<p>S\u2019appuyant sur la performance convaincante de Wagner Moura, le film de Mendon\u00e7a&nbsp;Filho relie les luttes du pass\u00e9 \u00e0 la curiosit\u00e9 et au courage d\u2019une nouvelle g\u00e9n\u00e9ration. Ce faisant, <em>l\u2019Agent secret<\/em> souligne avec force la capacit\u00e9 du cin\u00e9ma non seulement \u00e0 divertir, mais aussi \u00e0 \u00e9clairer, \u00e0 questionner et \u00e0 inspirer.<\/p>\n\n\n\n<p><a href=\"https:\/\/theconversation.com\/profiles\/stephanie-dennison-154109\">Stephanie Dennison<\/a>, Professor in Brazilian Studies, <em><a href=\"https:\/\/theconversation.com\/institutions\/university-of-leeds-1122\">University of Leeds<\/a><\/em> et <a href=\"https:\/\/theconversation.com\/profiles\/alfredo-suppia-2578540\">Alfredo Suppia<\/a>, Professor Associado do Depto. de Multimeios, M\u00eddia e Comunica\u00e7\u00e3o, Inst. de Artes, <em><a href=\"https:\/\/theconversation.com\/institutions\/universidade-estadual-de-campinas-unicamp-1638\">Universidade Estadual de Campinas (Unicamp)<\/a><\/em><\/p>\n\n\n\n<p>Cet article est republi\u00e9 \u00e0 partir de <a href=\"https:\/\/theconversation.com\">The Conversation<\/a> sous licence Creative Commons. Lire l\u2019<a href=\"https:\/\/theconversation.com\/lagent-secret-un-thriller-qui-montre-limportance-capitale-de-la-liberte-academique-277281\">article original<\/a>.<\/p>\n","protected":false},"excerpt":{"rendered":"<p><span class=\"span-reading-time rt-reading-time\" style=\"display: block;\"><span class=\"rt-label rt-prefix\">Temps de lecture estim\u00e9 :<\/span> <span class=\"rt-time\"> 5<\/span> <span class=\"rt-label rt-postfix\">minutes<\/span><\/span>Stephanie Dennison, University of Leeds et Alfredo Suppia, Universidade Estadual de Campinas (Unicamp) Le film l\u2019Agent secret (O Agente Secreto, 2025) de Kleber&nbsp;Mendon\u00e7a&nbsp;Filho, nomm\u00e9 quatre fois aux Oscars, dont la c\u00e9r\u00e9monie se tiendra ce dimanche 15&nbsp;mars, revisite la dictature br\u00e9silienne autour d\u2019un personnage d\u2019universitaire en cavale, contraint de se cacher apr\u00e8s s\u2019\u00eatre heurt\u00e9 aux int\u00e9r\u00eats [&hellip;]<\/p>\n","protected":false},"author":4,"featured_media":2827,"comment_status":"open","ping_status":"open","sticky":false,"template":"","format":"standard","meta":{"footnotes":""},"categories":[13],"tags":[61],"series":[],"class_list":["post-2823","post","type-post","status-publish","format-standard","has-post-thumbnail","hentry","category-sciences-en-vrac","tag-monde-de-la-recherche"],"aioseo_notices":[],"amp_enabled":true,"_links":{"self":[{"href":"https:\/\/www.sciencesaucinema.fr\/wordpress\/wp-json\/wp\/v2\/posts\/2823","targetHints":{"allow":["GET"]}}],"collection":[{"href":"https:\/\/www.sciencesaucinema.fr\/wordpress\/wp-json\/wp\/v2\/posts"}],"about":[{"href":"https:\/\/www.sciencesaucinema.fr\/wordpress\/wp-json\/wp\/v2\/types\/post"}],"author":[{"embeddable":true,"href":"https:\/\/www.sciencesaucinema.fr\/wordpress\/wp-json\/wp\/v2\/users\/4"}],"replies":[{"embeddable":true,"href":"https:\/\/www.sciencesaucinema.fr\/wordpress\/wp-json\/wp\/v2\/comments?post=2823"}],"version-history":[{"count":1,"href":"https:\/\/www.sciencesaucinema.fr\/wordpress\/wp-json\/wp\/v2\/posts\/2823\/revisions"}],"predecessor-version":[{"id":2828,"href":"https:\/\/www.sciencesaucinema.fr\/wordpress\/wp-json\/wp\/v2\/posts\/2823\/revisions\/2828"}],"wp:featuredmedia":[{"embeddable":true,"href":"https:\/\/www.sciencesaucinema.fr\/wordpress\/wp-json\/wp\/v2\/media\/2827"}],"wp:attachment":[{"href":"https:\/\/www.sciencesaucinema.fr\/wordpress\/wp-json\/wp\/v2\/media?parent=2823"}],"wp:term":[{"taxonomy":"category","embeddable":true,"href":"https:\/\/www.sciencesaucinema.fr\/wordpress\/wp-json\/wp\/v2\/categories?post=2823"},{"taxonomy":"post_tag","embeddable":true,"href":"https:\/\/www.sciencesaucinema.fr\/wordpress\/wp-json\/wp\/v2\/tags?post=2823"},{"taxonomy":"series","embeddable":true,"href":"https:\/\/www.sciencesaucinema.fr\/wordpress\/wp-json\/wp\/v2\/series?post=2823"}],"curies":[{"name":"wp","href":"https:\/\/api.w.org\/{rel}","templated":true}]}}